{"id":1646,"date":"2011-06-08T16:02:19","date_gmt":"2011-06-08T16:02:19","guid":{"rendered":"https:\/\/melangedmaculateme.wordpress.com\/2011\/06\/08\/gay-girl-in-damascus-blogger-joins-ranks-of\/"},"modified":"2023-07-28T16:31:07","modified_gmt":"2023-07-28T20:31:07","slug":"gay-girl-in-damascus-blogger-joins-ranks-of","status":"publish","type":"post","link":"https:\/\/melange.dmaculate.me\/home\/2011\/06\/08\/gay-girl-in-damascus-blogger-joins-ranks-of\/","title":{"rendered":"Gay Girl in Damascus blogger joins ranks of Syria&#8217;s detained | World news | The Guardian"},"content":{"rendered":"<p>Via <a href=\"http:\/\/www.scoop.it\/t\/rights-liberties\/p\/189275546\/gay-girl-in-damascus-blogger-joins-ranks-of-syria-s-detained-world-news-the-guardian\" target=\"_blank\" rel=\"noopener\">Scoop.it<\/a> &#8211; <a href=\"http:\/\/www.scoop.it\/t\/rights-liberties\" target=\"_blank\" rel=\"noopener\">Rights &amp; Liberties<\/a><br \/><img decoding=\"async\" src=\"http:\/\/img.scoop.it\/dzBZRrm5C_WRC1qyFDiXeTl72eJkfbmt4t8yenImKBXEejxNn4ZJNZ2ss5Ku7Cxt\" \/><br \/>Amina Abdallah Araf al Omari is the among the best known of many thousands of Syrians detained since mid-March&hellip;<br \/><a href=\"http:\/\/www.guardian.co.uk\/world\/2011\/jun\/07\/damascus-blogger-syria-detained\" target=\"_blank\" rel=\"noopener\">Show original<\/a><\/p>\n","protected":false},"excerpt":{"rendered":"<p>Via Scoop.it &#8211; Rights &amp; LibertiesAmina Abdallah Araf al Omari is the among the best known of many thousands of Syrians detained since mid-March&hellip;Show original<\/p>\n","protected":false},"author":5,"featured_media":0,"comment_status":"open","ping_status":"open","sticky":false,"template":"","format":"standard","meta":{"jetpack_post_was_ever_published":false,"_jetpack_newsletter_access":"","_jetpack_dont_email_post_to_subs":false,"_jetpack_newsletter_tier_id":0,"_jetpack_memberships_contains_paywalled_content":false,"_jetpack_memberships_contains_paid_content":false,"footnotes":"","jetpack_publicize_message":"","jetpack_publicize_feature_enabled":true,"jetpack_social_post_already_shared":false,"jetpack_social_options":{"image_generator_settings":{"template":"highway","default_image_id":0,"font":"","enabled":false},"version":2}},"categories":[1],"tags":[],"class_list":["post-1646","post","type-post","status-publish","format-standard","hentry","category-uncategorized"],"jetpack_publicize_connections":[],"jetpack_featured_media_url":"","jetpack-related-posts":[{"id":1578,"url":"https:\/\/melange.dmaculate.me\/home\/2011\/06\/30\/three-detained-in-kardze-autonomous-tibetan\/","url_meta":{"origin":1646,"position":0},"title":"Three Detained in Kardze (autonomous Tibetan prefecture in China&#8217;s Sichuan province)","author":"aslam","date":"June 30, 2011","format":false,"excerpt":"Via Scoop.it - Rights & LibertiesThree people, including two nuns, have been detained in separate incidents following protests against Chinese rule in a Tibetan region of Southwestern Sichuan province on Tuesday, according to sources with contacts in the area. Show original","rel":"","context":"Similar post","block_context":{"text":"Similar post","link":""},"img":{"alt_text":"","src":"","width":0,"height":0},"classes":[]},{"id":1695,"url":"https:\/\/melange.dmaculate.me\/home\/2011\/05\/10\/ecuador-blogger-detained-for-offenses-against\/","url_meta":{"origin":1646,"position":1},"title":"Ecuador: Blogger Detained for Offenses Against Attorney General \u00b7 Global Voices","author":"aslam","date":"May 10, 2011","format":false,"excerpt":"Via Scoop.it - Rights & LibertiesThe detainment [es] of Ecuadorian blogger V\u00edctor Vizca\u00edno Luzuriaga for alleged offenses against Attorney General Washington Pes\u00e1ntez [es] became a trend [es] on Twitter, with strong reactions in the blogosphere and a harsh analysis regarding freedom of expression in Ecuador.Show original","rel":"","context":"Similar post","block_context":{"text":"Similar post","link":""},"img":{"alt_text":"","src":"","width":0,"height":0},"classes":[]},{"id":926,"url":"https:\/\/melange.dmaculate.me\/home\/2012\/08\/05\/private-prisons-spend-45-million-on-lobbying\/","url_meta":{"origin":1646,"position":2},"title":"Private Prisons Spend $45 Million on Lobbying, Rake in $5.1 Billion for Immigrant Detention Alone","author":"aslam","date":"August 5, 2012","format":false,"excerpt":"See on Scoop.it - Rights & LibertiesNearly half of all immigrants detained by federal officials are held in facilities run by private prison companies, at an average cost for each detained immigrant is $166 a night.See on truth-out.org","rel":"","context":"Similar post","block_context":{"text":"Similar post","link":""},"img":{"alt_text":"","src":"","width":0,"height":0},"classes":[]},{"id":1687,"url":"https:\/\/melange.dmaculate.me\/home\/2011\/05\/11\/they-beat-and-slapped-me-and-called-me-whore-and\/","url_meta":{"origin":1646,"position":3},"title":"&#8216;They beat and slapped me and called me whore and dirty Shia&#8217; &#8211; Middle East, World &#8211; The Independent","author":"aslam","date":"May 11, 2011","format":false,"excerpt":"Via Scoop.it - Rights & LibertiesEmailed testimony of a consultant and family physician detained during Bahrain\u2019s crackdown on medical professionals.Show original","rel":"","context":"Similar post","block_context":{"text":"Similar post","link":""},"img":{"alt_text":"","src":"","width":0,"height":0},"classes":[]},{"id":1237,"url":"https:\/\/melange.dmaculate.me\/home\/2011\/12\/22\/sri-lanka-senior-army-officer-arbitrarily\/","url_meta":{"origin":1646,"position":4},"title":"SRI LANKA: Senior army officer arbitrarily arrested, tortured, and detained without trial \u2014 Asian Human Rights Commission","author":"aslam","date":"December 22, 2011","format":false,"excerpt":"Via Scoop.it - Rights & LibertiesProlonged detention, without trial of ex-army captain.Via humanrights.asia","rel":"","context":"Similar post","block_context":{"text":"Similar post","link":""},"img":{"alt_text":"","src":"","width":0,"height":0},"classes":[]},{"id":1445,"url":"https:\/\/melange.dmaculate.me\/home\/2011\/09\/15\/prisoner-of-conscience-ahmad-qatamesh-to-be\/","url_meta":{"origin":1646,"position":5},"title":"&#8220;Prisoner of conscience&#8221; Ahmad Qatamesh to be detained another 6 months without charge","author":"aslam","date":"September 15, 2011","format":false,"excerpt":"Via Scoop.it - Rights & Liberties Amnesty International is calling for urgent action after an Israeli military commander renewed the administrative detention order against Ahmad Qatamesh by another six months last week.Show original","rel":"","context":"Similar post","block_context":{"text":"Similar post","link":""},"img":{"alt_text":"","src":"","width":0,"height":0},"classes":[]}],"jetpack_likes_enabled":true,"jetpack_sharing_enabled":true,"_links":{"self":[{"href":"https:\/\/melange.dmaculate.me\/home\/wp-json\/wp\/v2\/posts\/1646","targetHints":{"allow":["GET"]}}],"collection":[{"href":"https:\/\/melange.dmaculate.me\/home\/wp-json\/wp\/v2\/posts"}],"about":[{"href":"https:\/\/melange.dmaculate.me\/home\/wp-json\/wp\/v2\/types\/post"}],"author":[{"embeddable":true,"href":"https:\/\/melange.dmaculate.me\/home\/wp-json\/wp\/v2\/users\/5"}],"replies":[{"embeddable":true,"href":"https:\/\/melange.dmaculate.me\/home\/wp-json\/wp\/v2\/comments?post=1646"}],"version-history":[{"count":1,"href":"https:\/\/melange.dmaculate.me\/home\/wp-json\/wp\/v2\/posts\/1646\/revisions"}],"predecessor-version":[{"id":3421,"href":"https:\/\/melange.dmaculate.me\/home\/wp-json\/wp\/v2\/posts\/1646\/revisions\/3421"}],"wp:attachment":[{"href":"https:\/\/melange.dmaculate.me\/home\/wp-json\/wp\/v2\/media?parent=1646"}],"wp:term":[{"taxonomy":"category","embeddable":true,"href":"https:\/\/melange.dmaculate.me\/home\/wp-json\/wp\/v2\/categories?post=1646"},{"taxonomy":"post_tag","embeddable":true,"href":"https:\/\/melange.dmaculate.me\/home\/wp-json\/wp\/v2\/tags?post=1646"}],"curies":[{"name":"wp","href":"https:\/\/api.w.org\/{rel}","templated":true}]}}